{"id":122,"date":"2021-11-30T21:46:40","date_gmt":"2021-11-30T19:46:40","guid":{"rendered":"https:\/\/tepish.net\/BB\/?p=122"},"modified":"2021-11-30T21:46:43","modified_gmt":"2021-11-30T19:46:43","slug":"bb-2022-milloin-mika","status":"publish","type":"post","link":"https:\/\/tepish.net\/BB\/index.php\/2021\/11\/30\/bb-2022-milloin-mika\/","title":{"rendered":"BB 2022 .. Milloin? Mik\u00e4?"},"content":{"rendered":"\t\t<div data-elementor-type=\"wp-post\" data-elementor-id=\"122\" class=\"elementor elementor-122\" data-elementor-settings=\"[]\">\n\t\t\t\t\t\t<div class=\"elementor-inner\">\n\t\t\t\t\t\t\t<div class=\"elementor-section-wrap\">\n\t\t\t\t\t\t\t<section class=\"elementor-section elementor-top-section elementor-element elementor-element-e7ed984 elementor-section-boxed elementor-section-height-default elementor-section-height-default\" data-id=\"e7ed984\" data-element_type=\"section\">\n\t\t\t\t\t\t<div class=\"elementor-container elementor-column-gap-default\">\n\t\t\t\t\t\t\t<div class=\"elementor-row\">\n\t\t\t\t\t<div class=\"elementor-column elementor-col-100 elementor-top-column elementor-element elementor-element-011752c\" data-id=\"011752c\" data-element_type=\"column\">\n\t\t\t<div class=\"elementor-column-wrap elementor-element-populated\">\n\t\t\t\t\t\t\t<div class=\"elementor-widget-wrap\">\n\t\t\t\t\t\t<div class=\"elementor-element elementor-element-3329a3a elementor-widget elementor-widget-text-editor\" data-id=\"3329a3a\" data-element_type=\"widget\" data-widget_type=\"text-editor.default\">\n\t\t\t\t<div class=\"elementor-widget-container\">\n\t\t\t\t\t\t\t\t<div class=\"elementor-text-editor elementor-clearfix\">\n\t\t\t\t<p>Janne Virtanen viimeisess\u00e4 vierailussa vastaamassa yleis\u00f6nkysymyksiin paljasti rivien v\u00e4liss\u00e4, ett\u00e4 Suomalainen BB lienee jatkumassa my\u00f6s tulevaisuudessa. Olen k\u00e4sitellyt jotain jo <a href=\"https:\/\/tepish.net\/bb\/21\/index.php\/2021\/11\/28\/mita-jaa-kateen-kaudesta-ja-miten-tuotanto-suoriutui\/\">2021 sivuilla pohtiessa miten BB:t\u00e4 voisi kehitt\u00e4\u00e4,<\/a> mutta k\u00e4sittelen hieman toisesta kulmasta sit\u00e4 miten hahmotan itse BB:t\u00e4.<\/p><p>Ensinn\u00e4kin mielenkiintoinen kysymys on se, ett\u00e4 otetaanko talo j\u00e4lleen k\u00e4ytt\u00f6\u00f6n kev\u00e4\u00e4ll\u00e4, kuten VIP kausi yll\u00e4tt\u00e4en viime kev\u00e4\u00e4n\u00e4&#8230; Nelosen ohjelma paljastuksessa t\u00e4t\u00e4 ei ole, mutta ei ollut viime kauden VIP kauttakaan.<\/p><p>Toinen asia on se, ett\u00e4 jos tulee lyhyempi kev\u00e4t kausi, niin onko se VIP, vaiko ehk\u00e4 jo vuosien ja vuosien ajan katsojien odottama All Stars\/Second change (joita on tehty monista muista ohjelmista viime aikoina).<\/p><p>Seuraavaksi on se, ett\u00e4 jos tulisi VIP kausi j\u00e4lleen, niin mit\u00e4 odottaisin t\u00e4ll\u00e4iselle kaudelle, joka viime kev\u00e4\u00e4n\u00e4 on ehdottomasti Nelosen onnistuneimpia vetoja. Lyhyt tiivis kausi toimi Nelosen kausissa ehk\u00e4 parhaiten, samaa imua ei saatu 2021 tavis kaudelle. Itse toivoisin VIP kaudessa sit\u00e4, ett\u00e4 Universumia kehitett\u00e4isiin edelleen ja teht\u00e4isiin moni asia yht\u00e4 hyvin kuin 2021 VIP kaudella. Ohjelmaan toivoisin asukkaina v\u00e4hint\u00e4\u00e4n jonkun hyvin tunnetun henkil\u00f6n (ei Ron Mossia kuitenkaan \ud83d\ude09 ), kuten tyyliin maailmallakin tunnettuja tyyliin Jasper P\u00e4\u00e4kk\u00f6nen, Kimi R\u00e4ikk\u00f6nen, Teemu Pukki, Renny Harlin taikka vaikka Michael Monroe. V\u00e4hint\u00e4\u00e4n Suomessa hyvin tunnettuja voisi olla vaikkapa Joel Hallikainen, Taneli M\u00e4kel\u00e4, Kari V\u00e4\u00e4n\u00e4nen, Ressu Redford tasoisia nimi\u00e4. Some\/stream maailmassa on paljon tekij\u00f6it\u00e4 Lakosta erilaisten ruokablogien tms.. pit\u00e4jiin.<\/p><p>Ehk\u00e4p\u00e4 t\u00e4ll\u00e4isess\u00e4 tilaisuudessa voisi my\u00f6s antaa second chancen Samir, Sanni, AndyPyro tyylisille 2021 asukkaille my\u00f6skin (mik\u00e4li haluavat kokea hieman erikulman ohjelmaan).<\/p><p>Ent\u00e4p\u00e4 sitten ALL STARS\/SECOND CHANGE&#8230; Jotenkin itse olisin j\u00e4lkimm\u00e4isen kannalla, eli karsisin voittajat pois ja antaisin uuden mahdollisuuden vanhoille asukkaille. Se keit\u00e4 t\u00e4ll\u00e4isess\u00e4 olisi kiva n\u00e4hd\u00e4 on monimutkainen juttu, mutta poimin jokaisesta kaudesta jonkun nimen joka pohjaa ennen kaikkea siihen, ett\u00e4 ko. henkil\u00f6 on ollut kaudella erityisen tyk\u00e4tty ja mahdollisesti sanonut itse mahdollisesti l\u00e4htev\u00e4ns\u00e4 uudelleen, lis\u00e4ksi suluissa voi olla lis\u00e4 ehdokkaita.<\/p><p>SUB:<\/p><ul><li>2005 . Ensimm\u00e4inen kausi &#8211; Tiina Arponen tai Antti Asikainen, eli finalistit jos viel\u00e4 reilu 40 vuotiaina jaksaisivat ottaa haasteen vastaan uudessa talossa ja uudella tuotannolla.<\/li><li>2006 Toinen kausi &#8211; Kari &#8221;Kaki&#8221; Hautoniemi on sanonut joskus olevansa valmis palaamaan taloon, mutta miten onnistuisi viel\u00e4 l\u00e4hes viisikymppisell\u00e4 talon haasteet (kakkos vaihtoehto Kaarlo Nisso)<\/li><li>2007 Kolmas kausi &#8211; Kadi Kaljula tai Farbod olisi t\u00e4m\u00e4n kauden mahdollisuudet, Niko Nousiainenhan sai jo toisen mahdollisuuden ja voitti silloin.<\/li><li>2008 nelj\u00e4s kausi &#8211; Mahdollisuus voisi menn\u00e4 Tero Savikujalle tai Johan Grahnille, ellei sitten jopa Andreas voisi saada mahdollisuuden.<\/li><li>2009 viides kausi &#8211; Jos onnistuisi, niin Esa A:n voisi n\u00e4hd\u00e4 miten toisissa ympyr\u00f6iss\u00e4 p\u00e4rj\u00e4isi, mutta tuskin haluaisi l\u00e4hte\u00e4. Siksi ehk\u00e4p\u00e4 Antti, Sampo, Dana kolmikosta joku.<\/li><li>2010 kuudes kausi &#8211; Marika olisi ehk\u00e4 paras vaihtoehto, mutta Eetukin k\u00e4visi.<\/li><li>2011 seitsem\u00e4s kausi &#8211; T\u00e4m\u00e4 on hankala, mutta ehk\u00e4 olisi hauska n\u00e4hd\u00e4 miten Sebastian Tynkkynen p\u00e4rj\u00e4isi nyky\u00e4\u00e4n t\u00e4ss\u00e4 painekattilassa, taikka sitten ihan l\u00e4p\u00e4ll\u00e4 voisi antaa Elina Kottoselle (oli tovin asukas, muttei mahdollisuutta voittoon) mahdollisuuden t\u00e4ysi mittaiseen kokemukseen mahdollisuudella voittoon.<\/li><li>2012 kahdeksas kausi &#8211; Iida, Jouko, Markus eli finalistit olisivat t\u00e4st\u00e4 kaudesta k\u00e4rjess\u00e4 itsell\u00e4.<\/li><li>2013 yhdeks\u00e4s kausi &#8211; Ensimm\u00e4inen julkkiskausi, jos olisi pakko my\u00f6s julkkiksia rankata niin t\u00e4lt\u00e4 kaudelta ehk\u00e4 olisi sitten Sara Sieppi\/Esko Eerik\u00e4inen<\/li><li>2014 viimeinen kausi Subilla &#8211; T\u00e4\u00e4lt\u00e4 ehk\u00e4 valkkaisin Joonaksen taikka Pertti M\u00e4enp\u00e4\u00e4n.<\/li><\/ul><p>NELONEN:<\/p><ul><li>2019 Ensimm\u00e4inen uudella tuotannolla &#8211; Saattaisin eniten toivoa Arionin (aiemmin Tarina) uudelleen tuloa, mutta ensimm\u00e4inen kokemus oli hieman raaka ja sit\u00e4 stigmaa on hankala h\u00e4ivytt\u00e4\u00e4, joten paremmin onnistuisi ehk\u00e4p\u00e4 Helmeri, Kevin tai Ville.<\/li><li>2020 Toinen uuden tuotannon kausi &#8211; Ehdottomasti t\u00e4ll\u00e4 kaudella antaisin tilaisuuden asukkaalle, joka my\u00f6s on sanonut voivansa l\u00e4hte\u00e4 mukaan, eli Timo Paasikunnas. My\u00f6s Kristiina, O-P ja Marko olisivat mielenkiintoisia.<\/li><li>2021 VIP &#8211; Mik\u00e4li t\u00e4\u00e4lt\u00e4 joku pit\u00e4isi laittaa mukaan, niin Janne Porkka tuottaisi hyv\u00e4\u00e4 viihdett\u00e4 ja Markku, Nina, Sara kolmikostakin kuka vain k\u00e4visi.<\/li><li>2021 normi &#8211; T\u00e4ss\u00e4 kaudessa Pekka on yksi joka ansaitsisi uuden mahdollisuuden, jos olisi hieman hillitympi show (2021 loppupuolen tyyliin pienill\u00e4 show mausteilla) niin voisi p\u00e4rj\u00e4t\u00e4. Muutoin Samir ja Sanni tai Lasse voisivat ansaita uuden yrityksen.<\/li><\/ul>\t\t\t\t\t<\/div>\n\t\t\t\t\t\t<\/div>\n\t\t\t\t<\/div>\n\t\t\t\t\t\t<\/div>\n\t\t\t\t\t<\/div>\n\t\t<\/div>\n\t\t\t\t\t\t\t\t<\/div>\n\t\t\t\t\t<\/div>\n\t\t<\/section>\n\t\t\t\t\t\t<\/div>\n\t\t\t\t\t\t<\/div>\n\t\t\t\t\t<\/div>\n\t\t","protected":false},"excerpt":{"rendered":"<p>Janne Virtanen viimeisess\u00e4 vierailussa vastaamassa yleis\u00f6nkysymyksiin paljasti rivien v\u00e4liss\u00e4, ett\u00e4 Suomalainen BB lienee jatkumassa my\u00f6s tulevaisuudessa. Olen k\u00e4sitellyt jotain jo 2021 sivuilla pohtiessa miten BB:t\u00e4 voisi kehitt\u00e4\u00e4, mutta k\u00e4sittelen hieman toisesta kulmasta sit\u00e4 miten hahmotan itse BB:t\u00e4. Ensinn\u00e4kin mielenkiintoinen kysymys on se, ett\u00e4 otetaanko talo j\u00e4lleen k\u00e4ytt\u00f6\u00f6n kev\u00e4\u00e4ll\u00e4, kuten VIP kausi yll\u00e4tt\u00e4en viime kev\u00e4\u00e4n\u00e4&#8230; Nelosen [&hellip;]<\/p>\n","protected":false},"author":1,"featured_media":0,"comment_status":"open","ping_status":"open","sticky":false,"template":"","format":"standard","meta":[],"categories":[1],"tags":[],"_links":{"self":[{"href":"https:\/\/tepish.net\/BB\/index.php\/wp-json\/wp\/v2\/posts\/122"}],"collection":[{"href":"https:\/\/tepish.net\/BB\/index.php\/wp-json\/wp\/v2\/posts"}],"about":[{"href":"https:\/\/tepish.net\/BB\/index.php\/wp-json\/wp\/v2\/types\/post"}],"author":[{"embeddable":true,"href":"https:\/\/tepish.net\/BB\/index.php\/wp-json\/wp\/v2\/users\/1"}],"replies":[{"embeddable":true,"href":"https:\/\/tepish.net\/BB\/index.php\/wp-json\/wp\/v2\/comments?post=122"}],"version-history":[{"count":4,"href":"https:\/\/tepish.net\/BB\/index.php\/wp-json\/wp\/v2\/posts\/122\/revisions"}],"predecessor-version":[{"id":126,"href":"https:\/\/tepish.net\/BB\/index.php\/wp-json\/wp\/v2\/posts\/122\/revisions\/126"}],"wp:attachment":[{"href":"https:\/\/tepish.net\/BB\/index.php\/wp-json\/wp\/v2\/media?parent=122"}],"wp:term":[{"taxonomy":"category","embeddable":true,"href":"https:\/\/tepish.net\/BB\/index.php\/wp-json\/wp\/v2\/categories?post=122"},{"taxonomy":"post_tag","embeddable":true,"href":"https:\/\/tepish.net\/BB\/index.php\/wp-json\/wp\/v2\/tags?post=122"}],"curies":[{"name":"wp","href":"https:\/\/api.w.org\/{rel}","templated":true}]}}