{"id":1758,"date":"2021-11-20T13:13:21","date_gmt":"2021-11-20T11:13:21","guid":{"rendered":"https:\/\/tepish.net\/bb\/21\/?p=1758"},"modified":"2021-11-20T13:15:41","modified_gmt":"2021-11-20T11:15:41","slug":"viikko-ja-paiva-finaaliin","status":"publish","type":"post","link":"https:\/\/tepish.net\/bb\/21\/index.php\/2021\/11\/20\/viikko-ja-paiva-finaaliin\/","title":{"rendered":"Viikko ja p\u00e4iv\u00e4 finaaliin"},"content":{"rendered":"\t\t<div data-elementor-type=\"wp-post\" data-elementor-id=\"1758\" class=\"elementor elementor-1758\" data-elementor-settings=\"[]\">\n\t\t\t\t\t\t\t<div class=\"elementor-section-wrap\">\n\t\t\t\t\t\t\t<section class=\"elementor-section elementor-top-section elementor-element elementor-element-12f8e2c elementor-section-boxed elementor-section-height-default elementor-section-height-default\" data-id=\"12f8e2c\" data-element_type=\"section\">\n\t\t\t\t\t\t<div class=\"elementor-container elementor-column-gap-default\">\n\t\t\t\t\t<div class=\"elementor-column elementor-col-100 elementor-top-column elementor-element elementor-element-5b42d84\" data-id=\"5b42d84\" data-element_type=\"column\">\n\t\t\t<div class=\"elementor-widget-wrap elementor-element-populated\">\n\t\t\t\t\t\t\t\t<div class=\"elementor-element elementor-element-b95ff5e elementor-widget elementor-widget-text-editor\" data-id=\"b95ff5e\" data-element_type=\"widget\" data-widget_type=\"text-editor.default\">\n\t\t\t\t<div class=\"elementor-widget-container\">\n\t\t\t\t\t\t\t<p>Viel\u00e4 edess\u00e4 on yksi eliminaatio, ennen kuin varsinainen finaaliviikko viisikko on selvill\u00e4.<\/p><p>Samirin poistuminen h\u00e4\u00e4t\u00f6ruletin my\u00f6t\u00e4 oli osalle katsojista v\u00e4h\u00e4n vastaavan tilanteen, kuin aiemmin on tullut mm. 2020 Timon poistuminen. Samirille k\u00e4vi siis &#8220;Timot&#8221;. Netiss\u00e4 alkoi kampanja Samiria vastaan sill\u00e4 verukkeella, ett\u00e4 uusi ei saa voittaa.<\/p><p>T\u00e4m\u00e4 on sin\u00e4ll\u00e4\u00e4n hassua, ett\u00e4 ei voittamiselle pit\u00e4isi laittaa kuitenkaan t\u00e4t\u00e4 stigmaa, ett\u00e4 kauden kesken tullut ei saisi olla voittaja. Kuitenkin t\u00e4m\u00e4 lumous on jo kerran rikottu, kun nelj\u00e4nnell\u00e4 Sub-kaudella vuonna 2008 voittajaksi selviytyi p\u00e4iv\u00e4n\u00e4 20 taloon tullut Anniina Mustaj\u00e4rvi.<\/p><p>\u00e4\u00e4nesty kertoi kuitenkin sen, ett\u00e4 Anssi p\u00e4\u00e4ssee ainakin finaaliviikolle, ellei ihan ihmeit\u00e4 tapahdu, koska \u00e4\u00e4nest\u00e4j\u00e4t ovat selv\u00e4sti strategisesti kaikkein fiksuimpia. Viimeisten 2 minuutin merkitys on etenkin t\u00e4ll\u00e4isiss\u00e4 tiukoissa tilanteissa kaikkein t\u00e4rkein hetki ja sen Anssin \u00e4\u00e4nest\u00e4j\u00e4t osaavat hy\u00f6dynt\u00e4\u00e4 (t\u00e4m\u00e4 on n\u00e4kynyt kautta kauden).<\/p><p>Itse pyrin katsomaan ohjelmaa mahdollisimman neutraalisti ja observaatioiden kautta edelleen n\u00e4ytt\u00e4\u00e4 silt\u00e4, ett\u00e4 kausi menisi Anssin piikkiin, etenkin mik\u00e4li loppu peli menee Anssi VS Jasmiina asetelmiin. Jasmiinalla on omat fanit, mutta my\u00f6s paljon niit\u00e4, joille h\u00e4n on inhokki. My\u00f6s Anssilla on sama juttu, mutta moniko siirtyisi Jasmiinan taakse.<\/p><p>My\u00f6s mustana hevosena saattaisi n\u00e4m\u00e4 kaksi ohittaa Lasse, Taavi ja Aki kolmikosta joku, riippuen siit\u00e4 kuka selviytyy huomisen h\u00e4\u00e4d\u00e4st\u00e4 viimeiselle viikolle.. T\u00e4m\u00e4 riippuu mm. siit\u00e4 mihin Jasmiina-Anssi vihaajat \u00e4\u00e4nens\u00e4 sijoittavat.<\/p><p>Oudoin asia koko t\u00e4ss\u00e4 ohjelman katsojien kulttuurissa on se, mist\u00e4 olen puhunut jo aiemmin&#8230; Eli se miten joka kerta \u00e4ityy finaalin kynnyksell\u00e4 homma yht\u00e4 likaiseksi, kuin joidenkin maiden vaalit, lokaa lent\u00e4\u00e4 joka suuntaan.<\/p><p>\u00a0<\/p>\t\t\t\t\t\t<\/div>\n\t\t\t\t<\/div>\n\t\t\t\t\t<\/div>\n\t\t<\/div>\n\t\t\t\t\t\t\t<\/div>\n\t\t<\/section>\n\t\t\t\t\t\t<\/div>\n\t\t\t\t\t<\/div>\n\t\t","protected":false},"excerpt":{"rendered":"<p>Viel\u00e4 edess\u00e4 on yksi eliminaatio, ennen kuin varsinainen finaaliviikko viisikko on selvill\u00e4. Samirin poistuminen h\u00e4\u00e4t\u00f6ruletin my\u00f6t\u00e4 oli osalle katsojista v\u00e4h\u00e4n vastaavan tilanteen, kuin aiemmin on tullut mm. 2020 Timon poistuminen. Samirille k\u00e4vi siis &#8220;Timot&#8221;. Netiss\u00e4 alkoi kampanja Samiria vastaan sill\u00e4 verukkeella, ett\u00e4 uusi ei saa voittaa. T\u00e4m\u00e4 on sin\u00e4ll\u00e4\u00e4n hassua, ett\u00e4 ei voittamiselle pit\u00e4isi laittaa&#8230;<\/p>\n","protected":false},"author":1,"featured_media":0,"comment_status":"closed","ping_status":"open","sticky":false,"template":"","format":"standard","meta":[],"categories":[1],"tags":[],"_links":{"self":[{"href":"https:\/\/tepish.net\/bb\/21\/index.php\/wp-json\/wp\/v2\/posts\/1758"}],"collection":[{"href":"https:\/\/tepish.net\/bb\/21\/index.php\/wp-json\/wp\/v2\/posts"}],"about":[{"href":"https:\/\/tepish.net\/bb\/21\/index.php\/wp-json\/wp\/v2\/types\/post"}],"author":[{"embeddable":true,"href":"https:\/\/tepish.net\/bb\/21\/index.php\/wp-json\/wp\/v2\/users\/1"}],"replies":[{"embeddable":true,"href":"https:\/\/tepish.net\/bb\/21\/index.php\/wp-json\/wp\/v2\/comments?post=1758"}],"version-history":[{"count":8,"href":"https:\/\/tepish.net\/bb\/21\/index.php\/wp-json\/wp\/v2\/posts\/1758\/revisions"}],"predecessor-version":[{"id":1766,"href":"https:\/\/tepish.net\/bb\/21\/index.php\/wp-json\/wp\/v2\/posts\/1758\/revisions\/1766"}],"wp:attachment":[{"href":"https:\/\/tepish.net\/bb\/21\/index.php\/wp-json\/wp\/v2\/media?parent=1758"}],"wp:term":[{"taxonomy":"category","embeddable":true,"href":"https:\/\/tepish.net\/bb\/21\/index.php\/wp-json\/wp\/v2\/categories?post=1758"},{"taxonomy":"post_tag","embeddable":true,"href":"https:\/\/tepish.net\/bb\/21\/index.php\/wp-json\/wp\/v2\/tags?post=1758"}],"curies":[{"name":"wp","href":"https:\/\/api.w.org\/{rel}","templated":true}]}}