{"id":36,"date":"2021-07-12T16:57:42","date_gmt":"2021-07-12T13:57:42","guid":{"rendered":"https:\/\/tepish.net\/bb\/21\/?p=36"},"modified":"2021-07-12T16:59:18","modified_gmt":"2021-07-12T13:59:18","slug":"sivujen-valmistelu-aloitettu-ensimmaiset-uutiset-tulleet","status":"publish","type":"post","link":"https:\/\/tepish.net\/bb\/21\/index.php\/2021\/07\/12\/sivujen-valmistelu-aloitettu-ensimmaiset-uutiset-tulleet\/","title":{"rendered":"Sivujen valmistelu aloitettu &#8211; Ensimm\u00e4iset uutiset tulleet"},"content":{"rendered":"\t\t<div data-elementor-type=\"wp-post\" data-elementor-id=\"36\" class=\"elementor elementor-36\" data-elementor-settings=\"[]\">\n\t\t\t\t\t\t\t<div class=\"elementor-section-wrap\">\n\t\t\t\t\t\t\t<section class=\"elementor-section elementor-top-section elementor-element elementor-element-47458a8 elementor-section-boxed elementor-section-height-default elementor-section-height-default\" data-id=\"47458a8\" data-element_type=\"section\">\n\t\t\t\t\t\t<div class=\"elementor-container elementor-column-gap-default\">\n\t\t\t\t\t<div class=\"elementor-column elementor-col-100 elementor-top-column elementor-element elementor-element-10b1ee22\" data-id=\"10b1ee22\" data-element_type=\"column\">\n\t\t\t<div class=\"elementor-widget-wrap elementor-element-populated\">\n\t\t\t\t\t\t\t\t<div class=\"elementor-element elementor-element-2f09af0e elementor-widget elementor-widget-text-editor\" data-id=\"2f09af0e\" data-element_type=\"widget\" data-widget_type=\"text-editor.default\">\n\t\t\t\t<div class=\"elementor-widget-container\">\n\t\t\t\t\t\t\t<!-- wp:paragraph -->\n<p>T\u00e4n\u00e4\u00e4n maanantaina 12.7.2021 saimme ensimm\u00e4isi\u00e4 tietoja syksyn taviskaudesta!<\/p>\n<p><img loading=\"lazy\" class=\"size-medium wp-image-38 aligncenter\" src=\"https:\/\/tepish.net\/bb\/21\/wp-content\/uploads\/2021\/07\/lJag_WDA-300x200.jpeg\" alt=\"\" width=\"300\" height=\"200\" srcset=\"https:\/\/tepish.net\/bb\/21\/wp-content\/uploads\/2021\/07\/lJag_WDA-300x200.jpeg 300w, https:\/\/tepish.net\/bb\/21\/wp-content\/uploads\/2021\/07\/lJag_WDA-1024x683.jpeg 1024w, https:\/\/tepish.net\/bb\/21\/wp-content\/uploads\/2021\/07\/lJag_WDA-768x512.jpeg 768w, https:\/\/tepish.net\/bb\/21\/wp-content\/uploads\/2021\/07\/lJag_WDA-1536x1025.jpeg 1536w, https:\/\/tepish.net\/bb\/21\/wp-content\/uploads\/2021\/07\/lJag_WDA-2048x1366.jpeg 2048w, https:\/\/tepish.net\/bb\/21\/wp-content\/uploads\/2021\/07\/lJag_WDA-850x567.jpeg 850w\" sizes=\"(max-width: 300px) 100vw, 300px\" \/><\/p>\n<p>T\u00e4n\u00e4\u00e4n on julkistettu tuotannosta se, ett\u00e4 kahden ensimm\u00e4isen taviskauden juontajat Elina, Alma ja Kimmo ovat remmiss\u00e4 j\u00e4lleen t\u00e4n\u00e4 syksyn\u00e4kin.<\/p>\n<p><a href=\"https:\/\/tepish.net\/bb\/21vip\/\"><img loading=\"lazy\" class=\"aligncenter wp-image-39 size-medium\" src=\"https:\/\/tepish.net\/bb\/21\/wp-content\/uploads\/2021\/07\/qXaKF3Sw-300x200.jpeg\" alt=\"\" width=\"300\" height=\"200\" srcset=\"https:\/\/tepish.net\/bb\/21\/wp-content\/uploads\/2021\/07\/qXaKF3Sw-300x200.jpeg 300w, https:\/\/tepish.net\/bb\/21\/wp-content\/uploads\/2021\/07\/qXaKF3Sw-1024x683.jpeg 1024w, https:\/\/tepish.net\/bb\/21\/wp-content\/uploads\/2021\/07\/qXaKF3Sw-768x512.jpeg 768w, https:\/\/tepish.net\/bb\/21\/wp-content\/uploads\/2021\/07\/qXaKF3Sw-1536x1025.jpeg 1536w, https:\/\/tepish.net\/bb\/21\/wp-content\/uploads\/2021\/07\/qXaKF3Sw-850x567.jpeg 850w, https:\/\/tepish.net\/bb\/21\/wp-content\/uploads\/2021\/07\/qXaKF3Sw.jpeg 2048w\" sizes=\"(max-width: 300px) 100vw, 300px\" \/><\/a><\/p>\n<CENTER><h6><em>Klikkaamalla kuvaa p\u00e4\u00e4see tepish.netin VIP kauden sivuille<\/em><\/h6><\/CENTER>\n<p>VIP kaudellahan Elinan paikalla n\u00e4htiin Anni Hautala ja apujuontajana n\u00e4htiin Tinni Wikstr\u00f6m. Elinan ja Alman katoaminen kirvoitti faneissa toiveita, ett\u00e4 jompikumpi olisi ollut talossa, mutta n\u00e4inh\u00e4n ei sitten ollut asianlaita.<\/p>\n<p>T\u00e4m\u00e4 sivusto on siis nyt alkutekij\u00f6iss\u00e4\u00e4n ja tulee seuraamaan 2021 taviskautta alusta loppuun. Tosin sivusto tulee viel\u00e4 muutamassa kuukaudessa p\u00e4ivittym\u00e4\u00e4n runsaasti.<\/p>\n<!-- \/wp:paragraph -->\t\t\t\t\t\t<\/div>\n\t\t\t\t<\/div>\n\t\t\t\t\t<\/div>\n\t\t<\/div>\n\t\t\t\t\t\t\t<\/div>\n\t\t<\/section>\n\t\t\t\t\t\t<\/div>\n\t\t\t\t\t<\/div>\n\t\t","protected":false},"excerpt":{"rendered":"<p>T\u00e4n\u00e4\u00e4n maanantaina 12.7.2021 saimme ensimm\u00e4isi\u00e4 tietoja syksyn taviskaudesta! T\u00e4n\u00e4\u00e4n on julkistettu tuotannosta se, ett\u00e4 kahden ensimm\u00e4isen taviskauden juontajat Elina, Alma ja Kimmo ovat remmiss\u00e4 j\u00e4lleen t\u00e4n\u00e4 syksyn\u00e4kin. Klikkaamalla kuvaa p\u00e4\u00e4see tepish.netin VIP kauden sivuille VIP kaudellahan Elinan paikalla n\u00e4htiin Anni Hautala ja apujuontajana n\u00e4htiin Tinni Wikstr\u00f6m. Elinan ja Alman katoaminen kirvoitti faneissa toiveita, ett\u00e4 jompikumpi&#8230;<\/p>\n","protected":false},"author":1,"featured_media":0,"comment_status":"closed","ping_status":"closed","sticky":false,"template":"","format":"standard","meta":[],"categories":[2],"tags":[],"_links":{"self":[{"href":"https:\/\/tepish.net\/bb\/21\/index.php\/wp-json\/wp\/v2\/posts\/36"}],"collection":[{"href":"https:\/\/tepish.net\/bb\/21\/index.php\/wp-json\/wp\/v2\/posts"}],"about":[{"href":"https:\/\/tepish.net\/bb\/21\/index.php\/wp-json\/wp\/v2\/types\/post"}],"author":[{"embeddable":true,"href":"https:\/\/tepish.net\/bb\/21\/index.php\/wp-json\/wp\/v2\/users\/1"}],"replies":[{"embeddable":true,"href":"https:\/\/tepish.net\/bb\/21\/index.php\/wp-json\/wp\/v2\/comments?post=36"}],"version-history":[{"count":5,"href":"https:\/\/tepish.net\/bb\/21\/index.php\/wp-json\/wp\/v2\/posts\/36\/revisions"}],"predecessor-version":[{"id":43,"href":"https:\/\/tepish.net\/bb\/21\/index.php\/wp-json\/wp\/v2\/posts\/36\/revisions\/43"}],"wp:attachment":[{"href":"https:\/\/tepish.net\/bb\/21\/index.php\/wp-json\/wp\/v2\/media?parent=36"}],"wp:term":[{"taxonomy":"category","embeddable":true,"href":"https:\/\/tepish.net\/bb\/21\/index.php\/wp-json\/wp\/v2\/categories?post=36"},{"taxonomy":"post_tag","embeddable":true,"href":"https:\/\/tepish.net\/bb\/21\/index.php\/wp-json\/wp\/v2\/tags?post=36"}],"curies":[{"name":"wp","href":"https:\/\/api.w.org\/{rel}","templated":true}]}}