{"id":965,"date":"2021-09-23T10:38:51","date_gmt":"2021-09-23T07:38:51","guid":{"rendered":"https:\/\/tepish.net\/bb\/21\/?p=965"},"modified":"2021-09-23T10:38:51","modified_gmt":"2021-09-23T07:38:51","slug":"somen-krittiikki","status":"publish","type":"post","link":"https:\/\/tepish.net\/bb\/21\/index.php\/2021\/09\/23\/somen-krittiikki\/","title":{"rendered":"Somen krittiikki"},"content":{"rendered":"\n<p>Joudun nousemaan kritisoimaan somen h\u00f6yh\u00f6tyst\u00e4. Some on k\u00e4yt\u00e4nn\u00f6ss\u00e4 j\u00e4lleen nostanut esiin pime\u00e4n puolensa, aivan niin kuin 2019 #Tarinagate\/Eevisgate ja 2020 #Ellagate. Miksi?! Onko se anonyymin\u00e4 vaan niin helppoa tehd\u00e4 lynkkays toisesta ihmisest\u00e4?<\/p>\n\n\n\n<p>No mit\u00e4 nyt sitten lynkataan? Sanni joutui menem\u00e4\u00e4n kesken teht\u00e4v\u00e4n sis\u00e4\u00e4n, saatuaan ulkona ahdistuskohtauksen. T\u00e4m\u00e4 vahvistetaan isosiskon toimesta mm. <a href=\"https:\/\/www.instagram.com\/sanniutriainen\/?hl=en\">Sannin instagramisssa<\/a>. T\u00e4m\u00e4n perusteella asiaa on k\u00e4sitelty tuotannossa aivan asiallisesti ja Sanni on saanut apua juuri niin kuin pit\u00e4\u00e4kin.<\/p>\n\n\n\n<p>En tied\u00e4 mik\u00e4 on Laura L:n funktio asiassa, siin\u00e4 olen huhujen varassa, mutta ainakin on esitetty, ett\u00e4 h\u00e4n sai j\u00e4\u00e4d\u00e4 Sannin tueksi, kun h\u00e4nell\u00e4 oli muutoinkin kylm\u00e4. He toki saivat itse tehd\u00e4 valinnan sis\u00e4\u00e4n j\u00e4\u00e4misest\u00e4\u00e4n. Tuotannolta oli pieni moka se, ett\u00e4 kooste n\u00e4ytti tilanteen niin, ett\u00e4 asia olisi vain kylmyydest\u00e4 johtunut luovutus!<\/p>\n\n\n\n<p>Some on nyt aivan sekaisin ja valmiina heitt\u00e4m\u00e4\u00e4n n\u00e4m\u00e4 kaksi suurinpiirtein rovioon, tai silt\u00e4 se tuntuu kuin otaisiin menty takaisin noitavainojen aikaan.<\/p>\n\n\n\n<p>Olen k\u00e4yt\u00e4nn\u00f6ss\u00e4 siin\u00e4 samaa mielt\u00e4, ett\u00e4 kun katsoo <a href=\"https:\/\/www.google.com\/search?q=sanni+utriainen&amp;sxsrf=AOaemvIvIhkUQTBSLIUwdEEwQ6I0Bcf7TA:1632379752433&amp;ei=aCNMYYXxGbCvrgT22Kr4Bg&amp;start=20&amp;sa=N&amp;ved=2ahUKEwiFxaC6wJTzAhWwl4sKHXasCm84ChDw0wN6BAgBEEU&amp;biw=1241&amp;bih=533&amp;dpr=3.3\">google hakua<\/a> Sannista, niin h\u00e4nell\u00e4 on ollut melkoisen rankka historia, jota on puitu paljon my\u00f6s julkisesti. 2015 auto on poltettu, puolitoista vuotta ongelmia psyykeen kanssa, urheilussa yl\u00e4 ja alam\u00e4ke\u00e4&#8230; Oliko siis normi Big Brother kausi Sannille se oikea paikka? Sanni on ollut julkisuudessa keih\u00e4\u00e4nheiton my\u00f6t\u00e4 ja Olympialaisissa, aivan niin kuin esim. Petra Olli, joka oli 2021 VIP kaudella. Olisiko t\u00e4m\u00e4 hieman leppoisampi ja lyhyempi VIP ollut Sannille se oikeampi paikka?<\/p>\n\n\n\n<p>Kun on jo housuissa ei kannata tosin n\u00e4it\u00e4 skenaarioita en\u00e4\u00e4 mietti\u00e4, mutta kyll\u00e4h\u00e4n se on selv\u00e4\u00e4, ett\u00e4 Sanni tavallaan on v\u00e4h\u00e4n &#8220;v\u00e4\u00e4r\u00e4ss\u00e4 paikassa&#8221;. T\u00e4t\u00e4 siis en itsekk\u00e4\u00e4n k\u00e4y kiist\u00e4m\u00e4\u00e4n. Kuitenkin tapa jolla Sannia py\u00f6ritet\u00e4\u00e4n nyt somessa on taas j\u00e4lleen kerran sit\u00e4 t\u00e4ysin asiatonta. <\/p>\n\n\n\n<p>Puhumattakaan siit\u00e4 mit\u00e4 Laura L saa niiskaansa, joka on viel\u00e4 pahempaa. T\u00e4ll\u00e4isess\u00e4 t\u00f6rky keskustelussa, joita on BB.n ymp\u00e4rill\u00e4 k\u00e4yty varmasti aina, mutta some on sit\u00e4 lietsonut kunnolla liekkeihin, on vaikea ajatella ett\u00e4 me ihmiset oltaisiin jotenkin viisaita. Tied\u00e4n kyll\u00e4, ett\u00e4 l\u00f6ytyy asiallistakin viestint\u00e4\u00e4, mutta miksi osa ihmisist\u00e4 ihan v\u00e4kisin hakee syit\u00e4 alkaa t\u00e4ll\u00e4iseen typer\u00e4\u00e4n toisia loukkaavaan keskusteluun.<\/p>\n\n\n\n<p> Meid\u00e4n katsojien pit\u00e4isi oppia ymm\u00e4rt\u00e4m\u00e4\u00e4n, ett\u00e4 on tilanteita ja tilanteita, me emme edes 24\/7 katsomalla voida tiet\u00e4\u00e4 kaikkea tapahtumien taustoilla (etenkin nykyisell\u00e4 2 kameran rajoitteella) ja toisen ihmisen henkinen tai fyysinen loukkaantuminen on aina vakavaa ja siihen pit\u00e4\u00e4 suhtautua sill\u00e4 vakavuudella.<\/p>\n\n\n\n<p>T\u00e4h\u00e4n on pakko sanoa my\u00f6s se, ett\u00e4 kuka tahansa meist\u00e4 voi saada henkisi\u00e4 vammoja el\u00e4m\u00e4ns\u00e4 varrella&#8230; Ihan yht\u00e4 hyvin my\u00f6s ne jotka nyt huutelevat somessa loukkaavasti BB asukkaista. N\u00e4ist\u00e4 henkisist\u00e4 vammoista on avoimesti omaan tyyliins\u00e4 kertonut paljon my\u00f6s 2020 asukas, joka my\u00f6s tapaturma Timoksi nimettiin. Henkisiss\u00e4 vammoissa on se ongelma, ett\u00e4 ne eiv\u00e4t n\u00e4y samalla tavoin, kuin esimerkiksi se, jos jalka menee poikki, mutta vaikutuksellaan se on silti aivan yht\u00e4 merkitt\u00e4v\u00e4.<\/p>\n\n\n\n<p>Minusta tuotanto teki t\u00e4ss\u00e4 episodissa sen virheen, ett\u00e4 sai sek\u00e4 Sannin, ett\u00e4 Laura L:n luovuttamisen n\u00e4ytt\u00e4m\u00e4\u00e4n silt\u00e4, ett\u00e4 he vain v\u00e4h\u00e4n hytisiv\u00e4t kylm\u00e4st\u00e4 ja omasta valinnasta meniv\u00e4t sis\u00e4lle. T\u00e4st\u00e4 n\u00e4m\u00e4 somen k\u00e4rkk\u00e4\u00e4t tapaukset vain innostuivat lis\u00e4\u00e4&#8230; Ei niill\u00e4 mit\u00e4\u00e4 ole ne oli vain kylmiss\u00e4\u00e4n, laiskoja luovuttajia jne.. Mik\u00e4li kuten n\u00e4ytt\u00e4\u00e4 kyseess\u00e4 oli, kuin olikin terveydellinen tilanne (ahdistuskohtaus), niin t\u00e4m\u00e4 asia muuttaa t\u00e4ysin muotoaan ja se olisi pit\u00e4nyt tuotannon toimesta antaa ilmi, jotta somen k\u00e4hin\u00e4lt\u00e4 olisi leikattu siivet.<\/p>\n\n\n\n<p>En tied\u00e4 miksi tuotanto n\u00e4m\u00e4 ratkaisunsa teki, mutta aiemmista tapauksista ja ihan maalaisj\u00e4rjell\u00e4 ajateltuna se, ett\u00e4 asukkaat saa t\u00f6rky\u00e4 niskaan somessa on suuri psyykkinen paine ja omiaan aiheuttamaan lis\u00e4\u00e4 psyykkist\u00e4 ongelmaa (joka oli isona osana 2019 Tarinan ja Eeva-Leenan keississ\u00e4 mukana). Se ett\u00e4 loukataan somessa on t\u00e4n\u00e4 p\u00e4iv\u00e4n\u00e4 osana my\u00f6s mm. koulukiusaamista ja 2000 j\u00e4lkeen syntyneille se on l\u00e4hes yht\u00e4 pahaa, kuin se jos dissataan ja loukataan erilaisilla sanan s\u00e4ilill\u00e4 fyysisess\u00e4 kanssa k\u00e4ymisess\u00e4 (kuten aiemmin koulukiusaaminen oli, ennen somen yleistymist\u00e4). Jos t\u00e4ss\u00e4 viel\u00e4 miettii esimerkiksi t\u00e4t\u00e4 Sannin tilannetta, jossa on aiempaa vammaa psyykkisesti, sitten tulee psyykkinen ongelma talon eritt\u00e4in absurdeissa olosuhteissa, niin siihen p\u00e4\u00e4lle viel\u00e4 kaikki sonta somessa, niin se ei ole helppoa.<\/p>\n\n\n\n<p>Tuota kannattaisi jokaisen some kirjoittelijankin mietti\u00e4.. Haluaisiko itse lukea itsest\u00e4\u00e4n kaikkea t\u00f6rky\u00e4, kun on jo valmiiksi ollut henkisesti rankka tilanne. Uskoisin, ettei kovin moni haluaisi. Itse toivon mit\u00e4 hartaimmin, ett\u00e4 Sanni saa itsens\u00e4 kasaan ja riippumatta siit\u00e4 mit\u00e4 t\u00e4st\u00e4 seuraa (luopuuko leikist\u00e4, jatkaako jne..) h\u00e4nelle paljon kaikkea hyv\u00e4\u00e4. My\u00f6s toivon paljon voimia psyykkeen tasapainoittamiseen ja toivottavasti j\u00e4tt\u00e4\u00e4 somen kokonaan katselematta (p\u00e4\u00e4see helpommalla).<\/p>\n\n\n\n<p><\/p>\n","protected":false},"excerpt":{"rendered":"<p>Joudun nousemaan kritisoimaan somen h\u00f6yh\u00f6tyst\u00e4. Some on k\u00e4yt\u00e4nn\u00f6ss\u00e4 j\u00e4lleen nostanut esiin pime\u00e4n puolensa, aivan niin kuin 2019 #Tarinagate\/Eevisgate ja 2020 #Ellagate. Miksi?! Onko se anonyymin\u00e4 vaan niin helppoa tehd\u00e4 lynkkays toisesta ihmisest\u00e4? No mit\u00e4 nyt sitten lynkataan? Sanni joutui menem\u00e4\u00e4n kesken teht\u00e4v\u00e4n sis\u00e4\u00e4n, saatuaan ulkona ahdistuskohtauksen. T\u00e4m\u00e4 vahvistetaan isosiskon toimesta mm. Sannin instagramisssa. T\u00e4m\u00e4n perusteella&#8230;<\/p>\n","protected":false},"author":1,"featured_media":0,"comment_status":"closed","ping_status":"open","sticky":false,"template":"","format":"standard","meta":[],"categories":[3,4],"tags":[],"_links":{"self":[{"href":"https:\/\/tepish.net\/bb\/21\/index.php\/wp-json\/wp\/v2\/posts\/965"}],"collection":[{"href":"https:\/\/tepish.net\/bb\/21\/index.php\/wp-json\/wp\/v2\/posts"}],"about":[{"href":"https:\/\/tepish.net\/bb\/21\/index.php\/wp-json\/wp\/v2\/types\/post"}],"author":[{"embeddable":true,"href":"https:\/\/tepish.net\/bb\/21\/index.php\/wp-json\/wp\/v2\/users\/1"}],"replies":[{"embeddable":true,"href":"https:\/\/tepish.net\/bb\/21\/index.php\/wp-json\/wp\/v2\/comments?post=965"}],"version-history":[{"count":1,"href":"https:\/\/tepish.net\/bb\/21\/index.php\/wp-json\/wp\/v2\/posts\/965\/revisions"}],"predecessor-version":[{"id":966,"href":"https:\/\/tepish.net\/bb\/21\/index.php\/wp-json\/wp\/v2\/posts\/965\/revisions\/966"}],"wp:attachment":[{"href":"https:\/\/tepish.net\/bb\/21\/index.php\/wp-json\/wp\/v2\/media?parent=965"}],"wp:term":[{"taxonomy":"category","embeddable":true,"href":"https:\/\/tepish.net\/bb\/21\/index.php\/wp-json\/wp\/v2\/categories?post=965"},{"taxonomy":"post_tag","embeddable":true,"href":"https:\/\/tepish.net\/bb\/21\/index.php\/wp-json\/wp\/v2\/tags?post=965"}],"curies":[{"name":"wp","href":"https:\/\/api.w.org\/{rel}","templated":true}]}}