{"id":108,"date":"2021-05-02T20:02:35","date_gmt":"2021-05-02T17:02:35","guid":{"rendered":"https:\/\/tepish.net\/bb\/21vip\/?p=108"},"modified":"2021-05-05T22:47:35","modified_gmt":"2021-05-05T19:47:35","slug":"ensimmainen-asukas-on-saapunut","status":"publish","type":"post","link":"https:\/\/tepish.net\/bb\/21vip\/index.php\/2021\/05\/02\/ensimmainen-asukas-on-saapunut\/","title":{"rendered":"Ensimm\u00e4inen asukas on saapunut"},"content":{"rendered":"\n<p>Suunnilleen tunnin ennen suoraa l\u00e4hetyst\u00e4 taloon saapui ensimm\u00e4inen asukas. Aluksi kamerat kuvaavasivat uutta taloa<\/p>\n\n\n\n<p>Big Brother VIP talon ensimm\u00e4inen asukas on:<\/p>\n\n\n\n<figure class=\"wp-block-image size-large\"><img loading=\"lazy\" width=\"683\" height=\"1024\" src=\"https:\/\/tepish.net\/bb\/21vip\/wp-content\/uploads\/2021\/05\/big_brother_suomi_kausi_3_promo_sara_forsberg_kuvaaja_jukka_alasaari_1-1-683x1024.jpg\" alt=\"\" class=\"wp-image-119\" srcset=\"https:\/\/tepish.net\/bb\/21vip\/wp-content\/uploads\/2021\/05\/big_brother_suomi_kausi_3_promo_sara_forsberg_kuvaaja_jukka_alasaari_1-1-683x1024.jpg 683w, https:\/\/tepish.net\/bb\/21vip\/wp-content\/uploads\/2021\/05\/big_brother_suomi_kausi_3_promo_sara_forsberg_kuvaaja_jukka_alasaari_1-1-200x300.jpg 200w, https:\/\/tepish.net\/bb\/21vip\/wp-content\/uploads\/2021\/05\/big_brother_suomi_kausi_3_promo_sara_forsberg_kuvaaja_jukka_alasaari_1-1-768x1151.jpg 768w, https:\/\/tepish.net\/bb\/21vip\/wp-content\/uploads\/2021\/05\/big_brother_suomi_kausi_3_promo_sara_forsberg_kuvaaja_jukka_alasaari_1-1-1025x1536.jpg 1025w, https:\/\/tepish.net\/bb\/21vip\/wp-content\/uploads\/2021\/05\/big_brother_suomi_kausi_3_promo_sara_forsberg_kuvaaja_jukka_alasaari_1-1-1366x2048.jpg 1366w, https:\/\/tepish.net\/bb\/21vip\/wp-content\/uploads\/2021\/05\/big_brother_suomi_kausi_3_promo_sara_forsberg_kuvaaja_jukka_alasaari_1-1-scaled.jpg 1708w\" sizes=\"(max-width: 683px) 100vw, 683px\" \/><\/figure>\n\n\n\n<p>Sara Maria Forsberg, eli smoukahontasina tunnettu &#8221;kielinainen&#8221;<\/p>\n\n\n\n<p>P\u00e4ivitys:<\/p>\n\n\n\n<p>Sara saa kirjekuoren pian saapumisen j\u00e4lkeen ja h\u00e4net ohjeistetaan j\u00e4rjest\u00e4m\u00e4\u00e4n syntym\u00e4p\u00e4iv\u00e4 juhlat (h\u00e4nell\u00e4 on t\u00e4n\u00e4\u00e4n syntym\u00e4p\u00e4iv\u00e4t). H\u00e4nelle infotaan vieraiden tulevan pian.<\/p>\n","protected":false},"excerpt":{"rendered":"<p>Suunnilleen tunnin ennen suoraa l\u00e4hetyst\u00e4 taloon saapui ensimm\u00e4inen asukas. Aluksi kamerat kuvaavasivat uutta taloa Big Brother VIP talon ensimm\u00e4inen asukas on: Sara Maria Forsberg, eli smoukahontasina tunnettu &#8221;kielinainen&#8221; P\u00e4ivitys: Sara saa kirjekuoren pian saapumisen j\u00e4lkeen ja h\u00e4net ohjeistetaan j\u00e4rjest\u00e4m\u00e4\u00e4n syntym\u00e4p\u00e4iv\u00e4 juhlat (h\u00e4nell\u00e4 on t\u00e4n\u00e4\u00e4n syntym\u00e4p\u00e4iv\u00e4t). H\u00e4nelle infotaan vieraiden tulevan pian.<\/p>\n","protected":false},"author":1,"featured_media":0,"comment_status":"open","ping_status":"open","sticky":false,"template":"","format":"standard","meta":[],"categories":[6],"tags":[],"_links":{"self":[{"href":"https:\/\/tepish.net\/bb\/21vip\/index.php\/wp-json\/wp\/v2\/posts\/108"}],"collection":[{"href":"https:\/\/tepish.net\/bb\/21vip\/index.php\/wp-json\/wp\/v2\/posts"}],"about":[{"href":"https:\/\/tepish.net\/bb\/21vip\/index.php\/wp-json\/wp\/v2\/types\/post"}],"author":[{"embeddable":true,"href":"https:\/\/tepish.net\/bb\/21vip\/index.php\/wp-json\/wp\/v2\/users\/1"}],"replies":[{"embeddable":true,"href":"https:\/\/tepish.net\/bb\/21vip\/index.php\/wp-json\/wp\/v2\/comments?post=108"}],"version-history":[{"count":5,"href":"https:\/\/tepish.net\/bb\/21vip\/index.php\/wp-json\/wp\/v2\/posts\/108\/revisions"}],"predecessor-version":[{"id":121,"href":"https:\/\/tepish.net\/bb\/21vip\/index.php\/wp-json\/wp\/v2\/posts\/108\/revisions\/121"}],"wp:attachment":[{"href":"https:\/\/tepish.net\/bb\/21vip\/index.php\/wp-json\/wp\/v2\/media?parent=108"}],"wp:term":[{"taxonomy":"category","embeddable":true,"href":"https:\/\/tepish.net\/bb\/21vip\/index.php\/wp-json\/wp\/v2\/categories?post=108"},{"taxonomy":"post_tag","embeddable":true,"href":"https:\/\/tepish.net\/bb\/21vip\/index.php\/wp-json\/wp\/v2\/tags?post=108"}],"curies":[{"name":"wp","href":"https:\/\/api.w.org\/{rel}","templated":true}]}}