{"id":359,"date":"2021-05-04T23:28:08","date_gmt":"2021-05-04T20:28:08","guid":{"rendered":"https:\/\/tepish.net\/bb\/21vip\/?p=359"},"modified":"2021-05-04T23:29:42","modified_gmt":"2021-05-04T20:29:42","slug":"ensimmainen-haato-takana","status":"publish","type":"post","link":"https:\/\/tepish.net\/bb\/21vip\/index.php\/2021\/05\/04\/ensimmainen-haato-takana\/","title":{"rendered":"Ensimm\u00e4inen h\u00e4\u00e4t\u00f6 takana"},"content":{"rendered":"\n<p>Ensimm\u00e4inen h\u00e4\u00e4t\u00f6l\u00e4hetys n\u00e4htiin 4.5 tiistaina, jossa p\u00e4\u00e4stiin tutustumaan aiemmasta poikkeavaan h\u00e4\u00e4t\u00f6 j\u00e4rjestykseen. L\u00e4hetys alkoi sill\u00e4, ett\u00e4 ensimm\u00e4iset nelj\u00e4 p\u00e4\u00e4siv\u00e4t turvaan jo muutaman minuutin kuluttua l\u00e4hetyksen alusta.<\/p>\n\n\n\n<p>Koostetta ja l\u00e4hetyst\u00e4 jonkin aikaa kuluneena, oli jo kuulutettu seuraavat nelj\u00e4 jotka olivat turvassa. Viel\u00e4 kolme sai turvan, ennen kuin kolme viimeist\u00e4 marssivat studioon.<\/p>\n\n\n\n<p>Kim Sainio Big Brotherin entisen\u00e4 p\u00e4\u00e4ohjaajana avasi tilanteen omituisuuden, kun h\u00e4n haastatteli kolmikkoa yhdess\u00e4 Tinni Wikstr\u00f6min kanssa. L\u00e4hetyksess\u00e4 Kim Sainio sanoi ett\u00e4 on omituinen tilanne puhua asukkaiden kanssa kesken kauden, joista osa viel\u00e4 palaa takaisin taloon.<\/p>\n\n\n\n<p>Kun l\u00e4hetyksess\u00e4 oli h\u00e4\u00e4detty ensimm\u00e4inen asukas Kelly kohti kotimatkaa, j\u00e4iv\u00e4t kaksi muuta Petra ja Aleksi kilpailemaan koskemattomuudesta, jonka voitti Aleksi Petran sein\u00e4n laitteiston rikkouduttua. Pallot laskettiin rikkoutumiseen menness\u00e4, jolloin Petralla oli ollut jo aiemmin ongelmaa laitteen kanssa ja h\u00e4n kiipeili telineen yl\u00e4osassa menett\u00e4en aikaa ja palloja siin\u00e4.<\/p>\n\n\n\n<p>H\u00e4vinneen\u00e4 Petra sai syliins\u00e4 aikapommin, jota h\u00e4n nyt kuljettaa syliss\u00e4\u00e4n, kunnes se &#8221;r\u00e4j\u00e4ht\u00e4\u00e4&#8221; aiemman tiedon mukaan keskiviikkona 11 maissa. Nyt j\u00e4nnitt\u00e4v\u00e4\u00e4 on n\u00e4hd\u00e4 mit\u00e4 pommi tekee r\u00e4j\u00e4ht\u00e4ess\u00e4\u00e4n.<\/p>\n","protected":false},"excerpt":{"rendered":"<p>Ensimm\u00e4inen h\u00e4\u00e4t\u00f6l\u00e4hetys n\u00e4htiin 4.5 tiistaina, jossa p\u00e4\u00e4stiin tutustumaan aiemmasta poikkeavaan h\u00e4\u00e4t\u00f6 j\u00e4rjestykseen. L\u00e4hetys alkoi sill\u00e4, ett\u00e4 ensimm\u00e4iset nelj\u00e4 p\u00e4\u00e4siv\u00e4t turvaan jo muutaman minuutin kuluttua l\u00e4hetyksen alusta. Koostetta ja l\u00e4hetyst\u00e4 jonkin aikaa kuluneena, oli jo kuulutettu seuraavat nelj\u00e4 jotka olivat turvassa. Viel\u00e4 kolme sai turvan, ennen kuin kolme viimeist\u00e4 marssivat studioon. Kim Sainio Big Brotherin entisen\u00e4 [&hellip;]<\/p>\n","protected":false},"author":1,"featured_media":0,"comment_status":"open","ping_status":"open","sticky":false,"template":"","format":"standard","meta":[],"categories":[1],"tags":[],"_links":{"self":[{"href":"https:\/\/tepish.net\/bb\/21vip\/index.php\/wp-json\/wp\/v2\/posts\/359"}],"collection":[{"href":"https:\/\/tepish.net\/bb\/21vip\/index.php\/wp-json\/wp\/v2\/posts"}],"about":[{"href":"https:\/\/tepish.net\/bb\/21vip\/index.php\/wp-json\/wp\/v2\/types\/post"}],"author":[{"embeddable":true,"href":"https:\/\/tepish.net\/bb\/21vip\/index.php\/wp-json\/wp\/v2\/users\/1"}],"replies":[{"embeddable":true,"href":"https:\/\/tepish.net\/bb\/21vip\/index.php\/wp-json\/wp\/v2\/comments?post=359"}],"version-history":[{"count":2,"href":"https:\/\/tepish.net\/bb\/21vip\/index.php\/wp-json\/wp\/v2\/posts\/359\/revisions"}],"predecessor-version":[{"id":361,"href":"https:\/\/tepish.net\/bb\/21vip\/index.php\/wp-json\/wp\/v2\/posts\/359\/revisions\/361"}],"wp:attachment":[{"href":"https:\/\/tepish.net\/bb\/21vip\/index.php\/wp-json\/wp\/v2\/media?parent=359"}],"wp:term":[{"taxonomy":"category","embeddable":true,"href":"https:\/\/tepish.net\/bb\/21vip\/index.php\/wp-json\/wp\/v2\/categories?post=359"},{"taxonomy":"post_tag","embeddable":true,"href":"https:\/\/tepish.net\/bb\/21vip\/index.php\/wp-json\/wp\/v2\/tags?post=359"}],"curies":[{"name":"wp","href":"https:\/\/api.w.org\/{rel}","templated":true}]}}